{"id":10120,"date":"2025-04-25T11:52:44","date_gmt":"2025-04-25T09:52:44","guid":{"rendered":"https:\/\/www.fores.group\/?p=10120"},"modified":"2025-09-14T14:32:00","modified_gmt":"2025-09-14T12:32:00","slug":"zeny-to-maju-v-it-narocnejsie-ale-vo-finale-to-stoji-za-to-hovori-nasa-fullstack-developerka-viki","status":"publish","type":"post","link":"https:\/\/www.fores.group\/sk\/zeny-to-maju-v-it-narocnejsie-ale-vo-finale-to-stoji-za-to-hovori-nasa-fullstack-developerka-viki\/","title":{"rendered":"<span id=\"text_part1\">\u201e\u017deny to maj\u00fa v IT n\u00e1ro\u010dnej\u0161ie, no vo fin\u00e1le to stoj\u00ed za to\u201c<\/span> <span id=\"text_part2\"> na\u0161a Fullstack Developerka Viki<\/span>"},"content":{"rendered":"\t\t<div data-elementor-type=\"wp-post\" data-elementor-id=\"10120\" class=\"elementor elementor-10120\" data-elementor-post-type=\"post\">\n\t\t\t\t<div class=\"elementor-element elementor-element-673e3e40 e-flex e-con-boxed e-con e-parent\" data-id=\"673e3e40\" data-element_type=\"container\" data-e-type=\"container\">\n\t\t\t\t\t<div class=\"e-con-inner\">\n\t\t\t\t<div class=\"elementor-element elementor-element-14d19972 elementor-widget elementor-widget-text-editor\" data-id=\"14d19972\" data-element_type=\"widget\" data-e-type=\"widget\" data-widget_type=\"text-editor.default\">\n\t\t\t\t<div class=\"elementor-widget-container\">\n\t\t\t\t\t\t\t\t\t<p><strong>25. April 2025\u00a0 |\u00a0 Woman in IT by Viktoria Matu\u0161icov\u00e1<\/strong><\/p><p>Vo Fores ver\u00edme, \u017ee dobr\u00fd t\u00edm je z\u00e1klad v\u0161etk\u00e9ho. U n\u00e1s to nie je o korpor\u00e1tnych fr\u00e1zach, ale o \u013eu\u010foch, ktor\u00ed robia svoju pr\u00e1cu s chu\u0165ou, podporuj\u00fa sa navz\u00e1jom a neboja sa by\u0165 sami sebou.<\/p><p><img decoding=\"async\" class=\"wp-image-10751 alignleft\" src=\"https:\/\/www.fores.group\/wp-content\/uploads\/2025\/05\/Viktoria-Matusicova-1-280x300.png\" alt=\"\" width=\"164\" height=\"176\" srcset=\"https:\/\/www.fores.group\/wp-content\/uploads\/2025\/05\/Viktoria-Matusicova-1-280x300.png 280w, https:\/\/www.fores.group\/wp-content\/uploads\/2025\/05\/Viktoria-Matusicova-1.png 479w\" sizes=\"(max-width: 164px) 100vw, 164px\" \/>M\u00e1me radi rodinn\u00fa atmosf\u00e9ru, v ktorej sa d\u00e1 r\u00e1s\u0165 \u2013 odborne aj osobne. A ke\u010f\u017ee sme na svojich \u013eud\u00ed hrd\u00ed, radi v\u00e1m ich predstav\u00edme bli\u017e\u0161ie.<\/p><p>Tentokr\u00e1t sme vyspovedali <strong>Vikt\u00f3riu Matu\u0161icov\u00fa<\/strong> \u2013 na\u0161u <strong>Fullstack Developerku<\/strong>.<\/p><p>Pre\u010d\u00edtajte si, ako sa dostala k programovaniu, \u010do ju na pr\u00e1ci najviac bav\u00ed a pre\u010do je pod\u013ea nej d\u00f4le\u017eit\u00e9 vydr\u017ea\u0165 aj tie n\u00e1ro\u010dnej\u0161ie za\u010diatky.<\/p><h1>1. Ak\u00fa rolu m\u00e1\u0161 vo Fores Technology Group a \u010do presne rob\u00ed\u0161 ako Fullstack developerka?<\/h1><p><em>&#8222;V podstate vyv\u00edjam webov\u00e9 aplik\u00e1cie, a to z oboch str\u00e1n \u2013 to, \u010do klient vid\u00ed aj nevid\u00ed. Pracujem s datab\u00e1zami, backendom aj frontendom a\u00a0venujem sa aj t\u00e9mam t\u00fdkaj\u00facich sa cloudu. Dalo by sa poveda\u0165, \u017ee ide o tak\u00fd v\u0161ehochu\u0165, ale pr\u00e1ve t\u00e1to r\u00f4znorodos\u0165 mi pom\u00e1ha roz\u0161irova\u0165 vedomosti v r\u00f4znych oblastiach. Ka\u017ed\u00fd de\u0148 je in\u00fd a pr\u00e1ca nie je stereotypn\u00e1.&#8220;<\/em><\/p><h1>2. Na ak\u00fdch projektoch si v poslednej dobe pracovala? \u010co \u0165a najviac bavilo a pre\u010do?<\/h1><p><em>&#8222;Prim\u00e1rne sa venujem v\u00fdvoju syst\u00e9mu Shipper pre DPD, ktor\u00fd zabezpe\u010duje vytv\u00e1ranie a\u00a0spr\u00e1vu objedn\u00e1vok pre krajiny Holandsko, Belgicko, Luxembursko a \u0160vaj\u010diarsko. Moment\u00e1lne taktie\u017e pracujem na prenose Shippera do cloudu (Azure), \u010do je pre m\u0148a cenn\u00e1 sk\u00fasenos\u0165 a skvel\u00fd sp\u00f4sob, ako sa nau\u010di\u0165 nov\u00e9 technol\u00f3gie.&#8220;<\/em><\/p><h1>3. Ako vyzer\u00e1 be\u017en\u00fd pracovn\u00fd de\u0148 v tvojom t\u00edme?<\/h1><p><em>&#8222;V na\u0161om t\u00edme sme traja developeri. De\u0148 za\u010d\u00edname rann\u00fdm standupom, kde si prejdeme, \u010do je nov\u00e9, ak\u00e9 probl\u00e9my alebo prek\u00e1\u017eky aktu\u00e1lne rie\u0161ime a potom sa pust\u00edme do pr\u00e1ce. Po\u010das d\u0148a \u010dasto komunikujeme, dola\u010fujeme detaily a brainstormujeme rie\u0161enia.&#8220;<\/em><\/p><h1>4. Ako si sa dostala k programovaniu a IT svetu? Bola to l\u00e1ska na prv\u00fd poh\u013ead, alebo si sa k tomu dostala postupne?<\/h1><p><em>&#8222;Od detstva som inklinovala k technike a po\u010d\u00edta\u010dom. V\u0161etko sa za\u010dalo, ke\u010f som mala 16 rokov a m\u00f4j star\u0161\u00ed brat mal otvoren\u00fd editor pln\u00fd k\u00f3du. Vtedy som netu\u0161ila, \u010do tie riadky k\u00f3du znamenaj\u00fa, ale vo mne vznikla t\u00fa\u017eba nau\u010di\u0165 sa to. Na strednej \u0161kole som sa potom dostala k programovaniu prv\u00fd kr\u00e1t a\u00a0rozhodla sa \u010falej pre \u0161t\u00fadium informa\u010dnej bezpe\u010dnosti. Po\u010das vysokej \u0161koly som sa v programovan\u00ed samovzdel\u00e1vala <\/em><em>&#8211;<\/em><em> najviac sk\u00fasenost\u00ed mi ur\u010dite dal v\u00fdvoj aplik\u00e1cie pre moju bakal\u00e1rsku pr\u00e1cu, v\u010faka ktorej som aj z\u00edskala svoju prv\u00fa pr\u00e1cu.&#8220;<\/em><\/p><h1>5. Ako vn\u00edma\u0161 postavenie \u017eien v IT? M\u00e1\u0161 nejak\u00fd odkaz pre diev\u010dat\u00e1 a \u017eeny, ktor\u00e9 zva\u017euj\u00fa kari\u00e9ru v technol\u00f3gi\u00e1ch?<\/h1><p><em>&#8222;\u017deny to pod\u013ea m\u0148a bud\u00fa ma\u0165 v\u017edy o nie\u010do n\u00e1ro\u010dnej\u0161ie ako mu\u017ei <\/em><em>\u2013<\/em><em> nie len preto, \u017ee nie s\u00fa tak veden\u00e9 k technike, ale aj preto, \u017ee na za\u010diatku musia \u010dasto investova\u0165 viac \u00fasilia, \u010dasu a energie ne\u017e ich kolegovia mu\u017ei. Program\u00e1torsk\u00e9 myslenie sa minim\u00e1lne u m\u0148a vyv\u00edjalo pomal\u0161ie, a preto si mysl\u00edm, \u017ee sa ve\u013ea \u017eien rozhodne to vzda\u0165 u\u017e na za\u010diatku. Ale netreba sa toho b\u00e1\u0165 <\/em><em>&#8211;<\/em><em> \u0165a\u017ek\u00e9 dni treba prekona\u0165. Ak m\u00e1te t\u00fa\u017ebu, d\u00e1 sa to. Vy\u017eaduje si to len trpezlivos\u0165 <\/em><em>&#8211;<\/em><em> na konci cesty to naozaj stoj\u00ed za to.&#8220;<\/em><\/p><h1>6. \u010co \u0165a presved\u010dilo prida\u0165 sa pr\u00e1ve k Fores Technology Group? \u010co m\u00e1\u0161 na firme najrad\u0161ej &#8211; \u013eud\u00ed, projekty, kult\u00faru&#8230;?<\/h1><p><em>&#8222;Ke\u010f som si h\u013eadala nov\u00fa pr\u00e1cu, nap\u00edsala mi na\u0161a HR mana\u017e\u00e9rka oh\u013eadom ponuky na Senior Developera. Na\u0161\u0165astie \u010dlovek nemusel by\u0165 senior, aby dostal \u0161ancu <\/em>\ud83d\ude0a<em>. Pohovor bol skvel\u00fd <\/em><em>&#8211;<\/em><em> najm\u00e4 druh\u00e9 kolo, ktor\u00e9 malo ve\u013emi priate\u013esk\u00fa atmosf\u00e9ru. Mohla som by\u0165 sama sebou a mala som z\u00a0neho naozaj dobr\u00fd pocit &#8211; kolekt\u00edv je pre m\u0148a ve\u013emi d\u00f4le\u017eit\u00fd.&#8220;<\/em><\/p><h1>7. Ako by si op\u00edsala firemn\u00fa atmosf\u00e9ru niekomu, kto n\u00e1s nepozn\u00e1?<\/h1><p><em>&#8222;Priate\u013esk\u00e1, rodinn\u00e1 atmosf\u00e9ra. C\u00edtime sa tu ako t\u00edm, kde je ka\u017ed\u00fd \u010dlen d\u00f4le\u017eit\u00fd.&#8220;<\/em><\/p><h1>8. Ak by si mohla vybra\u0165 jednu technol\u00f3giu, ktor\u00e1 by &#8222;zmizla z povrchu zemsk\u00e9ho&#8220;, ktor\u00e1 by to bola a pre\u010do?<\/h1><p><em>&#8222;Zastaral\u00e9 sp\u00f4soby, ktor\u00e9 spoma\u013euj\u00fa efektivitu pr\u00e1ce, ako je napr. pou\u017e\u00edvanie IIS na Windows serveroch na manu\u00e1lne nasadzovanie produk\u010dn\u00fdch aplik\u00e1ci\u00ed.&#8220;<\/em><\/p><h1>9. A naopak &#8211; m\u00e1\u0161 nejak\u00fd ob\u013e\u00faben\u00fd framework alebo jazyk?<\/h1><p><em>&#8222;Jazyk C# je pre m\u0148a ve\u013emi ob\u013e\u00faben\u00fd. Je to jazyk, s ktor\u00fdm pracujem od za\u010diatku. Je pre m\u0148a komfortnou z\u00f3nou, kde sa c\u00edtim sebavedome.&#8220;<\/em><\/p><h1>10. Kam by si sa chcela v r\u00e1mci svojho v\u00fdvoja posun\u00fa\u0165 &#8211; bu\u010f technicky alebo projektovo?<\/h1><p><em>&#8222;Moment\u00e1lne som so svojou poz\u00edciou spokojn\u00e1. S\u00fastre\u010fujem sa sk\u00f4r na osobn\u00fd rast a z\u00edskanie \u010fal\u0161\u00edch sk\u00fasenost\u00ed, ktor\u00e9 mi pom\u00f4\u017eu rozv\u00edja\u0165 sa po profesion\u00e1lnej str\u00e1nke.&#8220;<\/em><\/p><h1><a href=\"https:\/\/www.fores.group\/careers\/\">Pridajte sa k n\u00e1m!<\/a><\/h1><p>Vikt\u00f3ria je skvel\u00fdm pr\u00edkladom toho, ako vo Fores podporujeme rast a rozvoj na\u0161ich zamestnancov. Ak aj vy h\u013ead\u00e1te miesto, kde m\u00f4\u017eete <strong>rozv\u00edja\u0165 svoje technick\u00e9 zru\u010dnosti<\/strong> a z\u00e1rove\u0148 pracova\u0165 v priate\u013eskej a podporuj\u00facej atmosf\u00e9re, nev\u00e1hajte n\u00e1s <a href=\"https:\/\/www.fores.group\/contact\/\"><strong>kontaktova\u0165<\/strong><\/a>.<\/p>\t\t\t\t\t\t\t\t<\/div>\n\t\t\t\t<\/div>\n\t\t\t\t\t<\/div>\n\t\t\t\t<\/div>\n\t\t\t\t<\/div>\n\t\t","protected":false},"excerpt":{"rendered":"<p>Ako \u017eena v IT \u010del\u00ed Viki ka\u017edodenn\u00fdm v\u00fdzvam. A pre\u010do sa ka\u017ed\u00fd \u00faspech vr\u00e1ti v podobe spokojnosti a rastu?<\/p>\n","protected":false},"author":18,"featured_media":10139,"comment_status":"open","ping_status":"open","sticky":false,"template":"","format":"standard","meta":{"_acf_changed":false,"footnotes":""},"categories":[239,240],"tags":[],"class_list":["post-10120","post","type-post","status-publish","format-standard","has-post-thumbnail","hentry","category-zo-zivota-firmy","category-zamestnanci"],"acf":[],"_links":{"self":[{"href":"https:\/\/www.fores.group\/sk\/wp-json\/wp\/v2\/posts\/10120","targetHints":{"allow":["GET"]}}],"collection":[{"href":"https:\/\/www.fores.group\/sk\/wp-json\/wp\/v2\/posts"}],"about":[{"href":"https:\/\/www.fores.group\/sk\/wp-json\/wp\/v2\/types\/post"}],"author":[{"embeddable":true,"href":"https:\/\/www.fores.group\/sk\/wp-json\/wp\/v2\/users\/18"}],"replies":[{"embeddable":true,"href":"https:\/\/www.fores.group\/sk\/wp-json\/wp\/v2\/comments?post=10120"}],"version-history":[{"count":10,"href":"https:\/\/www.fores.group\/sk\/wp-json\/wp\/v2\/posts\/10120\/revisions"}],"predecessor-version":[{"id":15051,"href":"https:\/\/www.fores.group\/sk\/wp-json\/wp\/v2\/posts\/10120\/revisions\/15051"}],"wp:featuredmedia":[{"embeddable":true,"href":"https:\/\/www.fores.group\/sk\/wp-json\/wp\/v2\/media\/10139"}],"wp:attachment":[{"href":"https:\/\/www.fores.group\/sk\/wp-json\/wp\/v2\/media?parent=10120"}],"wp:term":[{"taxonomy":"category","embeddable":true,"href":"https:\/\/www.fores.group\/sk\/wp-json\/wp\/v2\/categories?post=10120"},{"taxonomy":"post_tag","embeddable":true,"href":"https:\/\/www.fores.group\/sk\/wp-json\/wp\/v2\/tags?post=10120"}],"curies":[{"name":"wp","href":"https:\/\/api.w.org\/{rel}","templated":true}]}}