{"id":16662,"date":"2025-12-16T09:41:35","date_gmt":"2025-12-16T08:41:35","guid":{"rendered":"https:\/\/www.fores.group\/?p=16662"},"modified":"2025-12-16T09:41:38","modified_gmt":"2025-12-16T08:41:38","slug":"rok-2025-napriec-oddeleniami-vsetko-co-nas-preverilo-naucilo-a-posilnilo","status":"publish","type":"post","link":"https:\/\/www.fores.group\/sk\/rok-2025-napriec-oddeleniami-vsetko-co-nas-preverilo-naucilo-a-posilnilo\/","title":{"rendered":"<span id=\"text_part1\">Rok 2025 naprie\u010d oddeleniami <\/span><span id=\"text_part2\">V\u0161etko, \u010do n\u00e1s preverilo, nau\u010dilo a posilnilo<\/span>"},"content":{"rendered":"\t\t<div data-elementor-type=\"wp-post\" data-elementor-id=\"16662\" class=\"elementor elementor-16662\" data-elementor-post-type=\"post\">\n\t\t\t\t<div class=\"elementor-element elementor-element-500087e9 e-flex e-con-boxed e-con e-parent\" data-id=\"500087e9\" data-element_type=\"container\" data-e-type=\"container\">\n\t\t\t\t\t<div class=\"e-con-inner\">\n\t\t\t\t<div class=\"elementor-element elementor-element-3a2fd05c elementor-widget elementor-widget-text-editor\" data-id=\"3a2fd05c\" data-element_type=\"widget\" data-e-type=\"widget\" data-widget_type=\"text-editor.default\">\n\t\t\t\t<div class=\"elementor-widget-container\">\n\t\t\t\t\t\t\t\t\t<p data-start=\"316\" data-end=\"712\"><strong>13. decembra 2025 | Ak\u00fd bol rok 2025 naprie\u010d firmou by <\/strong><strong>Kristi\u00e1n Petr\u00e1\u0161<\/strong><\/p><p data-start=\"120\" data-end=\"680\">Sme firma, ktor\u00e1 <strong>u\u017e 29 rokov p\u00f4sob\u00ed v IT priemysle<\/strong>, a tento rok bol naozaj dynamick\u00fd nielen z poh\u013eadu biznisu, ale aj osobn\u00e9ho rastu ka\u017ed\u00e9ho z n\u00e1s. Pre niekoho bol pln\u00fd v\u00fdziev, pre in\u00e9ho pr\u00edle\u017eitos\u0165ou posun\u00fa\u0165 sa vpred. Spolo\u010dne sme pre\u017e\u00edvali \u00faspechy, objavovali nov\u00e9 mo\u017enosti a u\u010dili sa z ch\u00fdb. Tento \u010dl\u00e1nok prin\u00e1\u0161a <strong>poh\u013ead na\u0161ich \u013eud\u00ed, ich sk\u00fasenosti, pocity a my\u0161lienky<\/strong>, ktor\u00e9 vytvorili jedine\u010dn\u00fd obraz toho, \u010do znamenal rok 2025 pre n\u00e1\u0161 t\u00edm.<\/p><h1><span style=\"text-decoration: underline;\">Luk\u00e1\u0161 (Lead Development Department)<\/span><\/h1><p><strong>Ktor\u00fd projekt z tohto roka \u0165a najviac zaujal alebo bol pre tvoje oddelenie najn\u00e1ro\u010dnej\u0161\u00ed a pre\u010do?<\/strong><\/p><p><em>Ur\u010dite to bol projekt pre n\u00e1\u0161ho nov\u00e9ho z\u00e1kazn\u00edka, ktor\u00fd sa venuje problematike protipo\u017eiarnych zariaden\u00ed. Na\u0161ou \u00falohou je doda\u0165 syst\u00e9m na\u00a0 komplexn\u00fa spr\u00e1vu in\u0161tal\u00e1cie a \u00fadr\u017eby t\u00fdchto protipo\u017eiarnych syst\u00e9mov. Najn\u00e1ro\u010dnej\u0161ie bolo nastavi\u0165 si komunik\u00e1ciu, formu spolupr\u00e1ce a priebe\u017ene mana\u017eova\u0165 rozsah projektu, aby sme boli schopn\u00ed v rozumnom \u010dase doda\u0165 pou\u017eite\u013en\u00e9 rie\u0161enie. Ver\u00edm, \u017ee sa n\u00e1m to podarilo a m\u00e1me s t\u00fdmto z\u00e1kazn\u00edkom dobre na\u0161liapnut\u00e9 na dlhoro\u010dn\u00fa efekt\u00edvnu spolupr\u00e1cu.<\/em><\/p><p><strong>Ak\u00e9 nov\u00e9 postupy alebo n\u00e1stroje ste tento rok zaviedli pri riaden\u00ed projektov? (oddelenie)<\/strong><\/p><p><em>Za\u010dali sme intenz\u00edvnej\u0161ie pou\u017e\u00edva\u0165 n\u00e1stroj Miro na vytv\u00e1ranie projektov\u00fdch v\u00fdstupov a tie\u017e na facilit\u00e1ciu na\u0161ich t\u00edmov\u00fdch retrospekt\u00edv. V <a href=\"https:\/\/www.fores.group\/sk\/sluzby\/vyvoj-softveru\/\">SW v\u00fdvoji<\/a> sme za\u010dali systematickej\u0161ie pristupova\u0165 ku code reviews pomocou pull requestov. Ver\u00edm, \u017ee to prispeje k e\u0161te vy\u0161\u0161ej kvalite na\u0161ich rie\u0161en\u00ed a tie\u017e k lep\u0161iemu zdie\u013eaniu znalost\u00ed v t\u00edme.<\/em><\/p><h1><span style=\"text-decoration: underline;\">\u013dudka (Business Analyst senior)<\/span><\/h1><p><strong>Ktor\u00fd projekt alebo anal\u00fdza \u0165a tento rok najviac zaujala a pre\u010do? <\/strong><\/p><p><em>Cel\u00fd rok som pracovala na anal\u00fdze dom\u00e9ny \u00fadr\u017eby protipo\u017eiarnych zariaden\u00ed &#8211; je to praktick\u00e1 t\u00e9ma, v\u00fdsledn\u00fd syst\u00e9m m\u00f4\u017ee ve\u013emi u\u013eah\u010di\u0165 pr\u00e1cu nielen \u013eu\u010fom, ktor\u00ed pl\u00e1nuj\u00fa a koordinuj\u00fa \u00fadr\u017ebu, ale aj samotn\u00fdm servisn\u00fdm technikom priamo pri servisnom z\u00e1sahu na protipo\u017eiarnych zariadeniach v ter\u00e9ne (syst\u00e9m zabezpe\u010d\u00ed formality a technici sa bud\u00fa m\u00f4c\u0165 s\u00fastredi\u0165 na samotn\u00fa \u00fadr\u017ebu). Anal\u00fdza obsahuje aj v\u00fdzvy z h\u013eadiska neust\u00e1le sa meniacich, ve\u013emi nejasne a pr\u00edli\u0161 ob\u0161\u00edrne formulovan\u00fdch po\u017eiadaviek z\u00e1kazn\u00edka.<\/em><\/p><p><strong>Ak\u00e9 nov\u00e9 met\u00f3dy alebo n\u00e1stroje si zaviedla pri analyzovan\u00ed d\u00e1t? <\/strong><\/p><p><em>Poprosila som umel\u00fa inteligenciu o paraleln\u00fa anal\u00fdzu podkladov od z\u00e1kazn\u00edka &#8211; s ve\u013emi malou \u00faspe\u0161nos\u0165ou. V\u00e4\u010d\u0161inou ani umel\u00e1 inteligencia nedok\u00e1zala z podkladov vytvori\u0165 zmyslupln\u00fd v\u00fdsledok. Musela som zapoji\u0165 vlastn\u00fa tvorivos\u0165.<br \/><\/em><\/p><p><img fetchpriority=\"high\" decoding=\"async\" class=\"alignnone size-full wp-image-16681\" src=\"https:\/\/www.fores.group\/wp-content\/uploads\/2025\/12\/20250529_194841-scaled.jpg\" alt=\"\" width=\"2560\" height=\"1920\" srcset=\"https:\/\/www.fores.group\/wp-content\/uploads\/2025\/12\/20250529_194841-scaled.jpg 2560w, https:\/\/www.fores.group\/wp-content\/uploads\/2025\/12\/20250529_194841-300x225.jpg 300w, https:\/\/www.fores.group\/wp-content\/uploads\/2025\/12\/20250529_194841-1024x768.jpg 1024w, https:\/\/www.fores.group\/wp-content\/uploads\/2025\/12\/20250529_194841-768x576.jpg 768w, https:\/\/www.fores.group\/wp-content\/uploads\/2025\/12\/20250529_194841-1536x1152.jpg 1536w, https:\/\/www.fores.group\/wp-content\/uploads\/2025\/12\/20250529_194841-2048x1536.jpg 2048w\" sizes=\"(max-width: 2560px) 100vw, 2560px\" \/><\/p><h1><span style=\"text-decoration: underline;\">Jo\u017eko (M365 \/ Sales director)<\/span><\/h1><p><strong>Ako by si zhodnotil uplynul\u00fd rok z poh\u013eadu obchodu aj v oblasti Microsoft 365?<\/strong><\/p><p data-start=\"70\" data-end=\"337\"><em>Uplynul\u00fd rok bol z obchodn\u00e9ho poh\u013eadu ve\u013emi pestr\u00fd. Z\u00e1kazn\u00edci s\u00fa n\u00e1ro\u010dnej\u0161\u00ed, \u010do je skvel\u00e9, aj ke\u010f nie v\u017edy presne vedia definova\u0165 svoje potreby. V tak\u00fdch situ\u00e1ci\u00e1ch prich\u00e1dza na rad na\u0161a rola, aby sme ich nasmerovali a spolo\u010dne na\u0161li rie\u0161enie, ktor\u00e9 m\u00e1 hlavu aj p\u00e4tu.<\/em><\/p><p data-start=\"339\" data-end=\"643\"><em>Po\u010das roka sme za\u017eili dve v\u00fdrazne odli\u0161n\u00e9 obdobia. Prv\u00e1 polovica bola pokojnej\u0161ia, zatia\u013e \u010do druh\u00e1 priniesla doslova smr\u0161\u0165 n\u00e1padov, workshopov a projektov. Aj ke\u010f by sme preferovali rovnomernej\u0161ie rozlo\u017eenie objemu pr\u00e1ce, umo\u017enilo n\u00e1m to intenz\u00edvne sa venova\u0165 R&amp;D v oblasti AI a zefekt\u00edv\u0148ovaniu procesov.<\/em><\/p><p data-start=\"645\" data-end=\"868\"><em>Te\u0161\u00ed ma, \u017ee sme z\u00edskali nov\u00fdch klientov v odvetviach, kde sme predt\u00fdm nep\u00f4sobili. Rovnako si ve\u013emi v\u00e1\u017eim, \u017ee si dlhodobo udr\u017eiavame dobr\u00e9 a f\u00e9rov\u00e9 vz\u0165ahy s na\u0161imi st\u00e1limi z\u00e1kazn\u00edkmi, \u010do je pre m\u0148a znakom stability a d\u00f4very.<\/em><\/p><p data-start=\"870\" data-end=\"1381\"><em>V oblasti <a href=\"https:\/\/www.fores.group\/services\/m365\/\">Microsoft 365<\/a> bol tento rok e\u0161te o \u00farove\u0148 dynamickej\u0161\u00ed. Najm\u00e4 jeho z\u00e1ver uk\u00e1zal, ak\u00fa ve\u013ek\u00fa pozornos\u0165 dok\u00e1\u017eu pritiahnu\u0165 AI Agenti. Videli sme to aj na na\u0161om <a href=\"https:\/\/www.fores.group\/ked-efektivita-stretne-kreativitu-spoluorganizovali-sme-ai-workshop-s-americkou-obchodnou-komorou\/\">workshope<\/a>, kde bol o t\u00fato t\u00e9mu obrovsk\u00fd z\u00e1ujem. Som zvedav\u00fd, kam sa t\u00e1to oblas\u0165 posunie v bud\u00facom roku. U\u017e teraz v\u0161ak m\u00f4\u017eem poveda\u0165, \u017ee sme pripraven\u00ed reagova\u0165 na novinky, meniace sa potreby aj r\u00fdchly v\u00fdvoj technol\u00f3gi\u00ed. Chceme si udr\u017ea\u0165 siln\u00e9 know-how a by\u0165 medzi t\u00fdmi, ktor\u00ed nielen sleduj\u00fa trendy, ale aj akt\u00edvne pom\u00e1haj\u00fa prin\u00e1\u0161a\u0165 ich do praxe.<\/em><\/p><h1><span style=\"text-decoration: underline;\">Janka (HR manager)<\/span><\/h1><p><strong>Ak\u00e9 zauj\u00edmav\u00e9 iniciat\u00edvy alebo zmeny v oblasti HR sa tento rok udiali vo firme?<\/strong><\/p><p><em>Moja \u00faloha nie je len o procesoch \u010di administrat\u00edve, ale predov\u0161etk\u00fdm o \u013eu\u010foch. Moj\u00edm cie\u013eom je vytv\u00e1ra\u0165 prostredie, v ktorom sa zamestnanci c\u00edtia vypo\u010dut\u00ed, re\u0161pektovan\u00ed a motivovan\u00ed.<\/em><\/p><p><em>Budovanie d\u00f4very pova\u017eujem za k\u013e\u00fa\u010dov\u00e9. Preto pravidelne organizujem stretnutia so zamestnancami, kde maj\u00fa priestor otvorene hovori\u0165 o svojich sk\u00fasenostiach, n\u00e1padoch, nov\u00fdch rie\u0161eniach. Z\u00e1rove\u0148 realizujeme anonymn\u00e9 prieskumy spokojnosti, ktor\u00e9 n\u00e1m poskytuj\u00fa cenn\u00fa sp\u00e4tn\u00fa v\u00e4zbu a pom\u00e1haj\u00fa identifikova\u0165 oblasti, kde sa m\u00f4\u017eeme zlep\u0161i\u0165.<\/em><\/p><p><em>V\u010faka osobnej komunik\u00e1cii a d\u00f4vere sa firma st\u00e1va nielen pracoviskom, ale aj komunitou, kde sa \u013eudia c\u00edtia by\u0165 jej s\u00fa\u010das\u0165ou.<\/em><\/p><p><img decoding=\"async\" class=\"alignnone size-full wp-image-16676\" src=\"https:\/\/www.fores.group\/wp-content\/uploads\/2025\/12\/Media-1.jpg\" alt=\"\" width=\"1663\" height=\"1247\" srcset=\"https:\/\/www.fores.group\/wp-content\/uploads\/2025\/12\/Media-1.jpg 1663w, https:\/\/www.fores.group\/wp-content\/uploads\/2025\/12\/Media-1-300x225.jpg 300w, https:\/\/www.fores.group\/wp-content\/uploads\/2025\/12\/Media-1-1024x768.jpg 1024w, https:\/\/www.fores.group\/wp-content\/uploads\/2025\/12\/Media-1-768x576.jpg 768w, https:\/\/www.fores.group\/wp-content\/uploads\/2025\/12\/Media-1-1536x1152.jpg 1536w\" sizes=\"(max-width: 1663px) 100vw, 1663px\" \/><\/p><h1><span style=\"text-decoration: underline;\">Palko (CTO<\/span>)<\/h1><p><strong>Ak\u00fd technologick\u00fd projekt alebo inov\u00e1cia \u0165a tento rok najviac nadchla?<\/strong><\/p><p><em>U\u017e nejak\u00fa dobu to vyzer\u00e1 tak, \u017ee v\u0161etko sa to\u010d\u00ed okolo AI, ale m\u0148a tento rok asi najviac oslovil ned\u00e1vny\u00a0<a href=\"https:\/\/eur04.safelinks.protection.outlook.com\/?url=https%3A%2F%2Fdevblogs.microsoft.com%2Fdotnet%2Fannouncing-dotnet-10%2F&amp;data=05%7C02%7Ckristian.petras%40fores.group%7C9c03e03b296d44ad1df808de33295fc7%7C02bd18906d104b6e856adcb4f5368d09%7C0%7C0%7C639004449949795765%7CUnknown%7CTWFpbGZsb3d8eyJFbXB0eU1hcGkiOnRydWUsIlYiOiIwLjAuMDAwMCIsIlAiOiJXaW4zMiIsIkFOIjoiTWFpbCIsIldUIjoyfQ%3D%3D%7C0%7C%7C%7C&amp;sdata=OArntMcDy1q4kOouF5%2FVFZxrYSD7Le28Opp9jAyH8VA%3D&amp;reserved=0\" target=\"_blank\" rel=\"noopener\">launch .NET 10<\/a>\u00a0a\u00a0\u0161peci\u00e1lne vylep\u0161enia Blazor frameworku, ako napr\u00edklad:<\/em><\/p><ul><li><em>Auto-render mode (kombin\u00e1cia SSR \u2013 server-side rendering + interakt\u00edvny WebAssembly rendering).<\/em><\/li><li><em>Blazor Hybrid + MAUI, \u010do s\u013eubuje znovu-pou\u017eitie Razor komponentov vo web aj nat\u00edvnych mobiln\u00fdch aplik\u00e1ci\u00e1ch.<\/em><\/li><\/ul><p><em>Okrem toho sme v\u00a0r\u00e1mci jedn\u00e9ho z\u00e1kazn\u00edckeho projektu testovali technol\u00f3giu\u00a0<a href=\"https:\/\/eur04.safelinks.protection.outlook.com\/?url=https%3A%2F%2Fduckdb.org%2F&amp;data=05%7C02%7Ckristian.petras%40fores.group%7C9c03e03b296d44ad1df808de33295fc7%7C02bd18906d104b6e856adcb4f5368d09%7C0%7C0%7C639004449949820131%7CUnknown%7CTWFpbGZsb3d8eyJFbXB0eU1hcGkiOnRydWUsIlYiOiIwLjAuMDAwMCIsIlAiOiJXaW4zMiIsIkFOIjoiTWFpbCIsIldUIjoyfQ%3D%3D%7C0%7C%7C%7C&amp;sdata=YG1u6lUQqW%2BK3yMGKRt8MnIIc72XfZ%2F9LSG2Nw4NxNk%3D&amp;reserved=0\" target=\"_blank\" rel=\"noopener\">DuckDb<\/a>\u00a0(high-performance in-process SQL OLAP datab\u00e1za) prostredn\u00edctvom .NET bindingu (NuGet package\u00a0<a href=\"https:\/\/eur04.safelinks.protection.outlook.com\/?url=https%3A%2F%2Fwww.nuget.org%2Fpackages%2FDuckDB.NET.Data.Full&amp;data=05%7C02%7Ckristian.petras%40fores.group%7C9c03e03b296d44ad1df808de33295fc7%7C02bd18906d104b6e856adcb4f5368d09%7C0%7C0%7C639004449949837371%7CUnknown%7CTWFpbGZsb3d8eyJFbXB0eU1hcGkiOnRydWUsIlYiOiIwLjAuMDAwMCIsIlAiOiJXaW4zMiIsIkFOIjoiTWFpbCIsIldUIjoyfQ%3D%3D%7C0%7C%7C%7C&amp;sdata=zsl5lR9Apne5qXxPTc0R7UGxgiSO2n5mvoBmpLuyAJk%3D&amp;reserved=0\" target=\"_blank\" rel=\"noopener\">DuckDB.NET.Data.Full<\/a>) pre import a\u00a0spracovanie ve\u013ek\u00e9ho objemu d\u00e1t z\u00a0textov\u00fdch s\u00faborov (jednotliv\u00e9 s\u00fabory do ve\u013ekosti cca 2,7 GB). V\u00fdsledky boli naozaj ohromuj\u00face, jednak samotn\u00fd import d\u00e1t a\u00a0taktie\u017e n\u00e1sledn\u00e9 SQL dotazy \u2013 odozvy nad tabu\u013ekou s\u00a0~1 mili\u00f3n z\u00e1znamami a\u00a0viac ako 200 st\u013apcami s\u00a0WHERE podmienkami pre \u013eubovo\u013en\u00fa mno\u017einu st\u013apcov boli v\u00e4\u010d\u0161inou subsekundov\u00e9.<\/em><\/p><p><strong>Pozn\u00e1mky pre menej tech zdatn\u00fdch:<\/strong><\/p><p><em>.NET 10 \u2013 opensource platforma pre v\u00fdvoj modern\u00fdch aplik\u00e1ci\u00ed (mobil, web, cloud, server&#8230;).<\/em><\/p><p><em>Blazor \u2013 komponentov\u00e1 kni\u017enica pre .NET 10 pre vytv\u00e1ranie pou\u017e\u00edvate\u013esk\u00fdch rozhran\u00ed pre web aj\u00a0mobiln\u00e9 aplik\u00e1cie.<\/em><\/p><p><em>Pre\u010do? DuckDB \u00a0&#8211; \u00a0d\u00f4le\u017eit\u00e9 pri projektoch, kde potrebujeme ve\u013emi r\u00fdchlo pracova\u0165 s ve\u013ek\u00fdm objemom d\u00e1t, napr\u00edklad pri anal\u00fdzach, reportoch a\u00a0tzv. <a href=\"https:\/\/en.wikipedia.org\/wiki\/Extract,_transform,_load\" target=\"_blank\" rel=\"noopener\">ETL projektoch<\/a>.\u00a0<\/em><\/p><h1><span style=\"text-decoration: underline;\">Jaroslav (Senior IT Consultant)<\/span><\/h1><p><strong>\u010co bola najv\u00e4\u010d\u0161ia v\u00fdzva, ktor\u00e1 \u0165a po\u010das roka potr\u00e1pila, a \u010do si z nej nakoniec vy\u0165a\u017eil?<\/strong><\/p><p><em>Asi najv\u00e4\u010d\u0161ou v\u00fdzvou bol pre m\u0148a kompletn\u00fd redesign dlhodobo vyv\u00edjan\u00fdch a pou\u017e\u00edvan\u00fdch core syst\u00e9mov z\u00e1kazn\u00edka. Od dodr\u017eania <a href=\"https:\/\/blog.bart.sk\/co-je-wcag-a-preco-by-ho-mal-poznat-nielen-kazdy-developer\/\" target=\"_blank\" rel=\"noopener\">WCAG \u0161tandardov<\/a>, cez modern\u00e9 UI\/UX trendy pri pr\u00e1ci s ve\u013ek\u00fdm mno\u017estvom d\u00e1t, a\u017e po tvorbu preh\u013eadn\u00fdch vizualiz\u00e1ci\u00ed procesov a stavov\u00fdch modelov. V\u0161etko bolo potrebn\u00e9 zapracova\u0165 do aktu\u00e1lneho korpor\u00e1tneho dizajnu tak, aby boli v\u0161etky syst\u00e9my konzistentn\u00e9 a tvorili jednotn\u00fd ekosyst\u00e9m aplik\u00e1ci\u00ed.<\/em><\/p><p><em>Tento aj \u010fal\u0161ie projekty z\u00e1rove\u0148 podnietili vznik intern\u00e9ho kitu \u0161tandardizovan\u00fdch, modern\u00fdch komponentov, ktor\u00fd dok\u00e1\u017eu v\u00fdrazne u\u013eah\u010di\u0165 a zr\u00fdchli\u0165 v\u00fdvoj \u010fal\u0161\u00edch aplik\u00e1ci\u00ed.<\/em><\/p><p><em>Nakoniec mi to prinieslo lep\u0161ie pochopenie detailov v dizajne konzistentn\u00e9ho, modern\u00e9ho a pou\u017e\u00edvate\u013esky pr\u00edvetiv\u00e9ho rie\u0161enia ako aj otimaliz\u00e1cie pri jeho v\u00fdvoji.<\/em><\/p><p><em>E\u0161te mo\u017eno jedna sk\u00fasenos\u0165 s vyu\u017eit\u00edm AI pri tomto projekte, ke\u010f\u017ee je to aktu\u00e1lne ve\u013emi intenz\u00edvna t\u00e9ma. Hoci je AI v s\u00fa\u010dasnosti ve\u013ek\u00fdm trendom a skvel\u00fdm pomocn\u00edkom a naozaj mi pomohla pri rie\u0161en\u00ed mnoh\u00fdch detailov, uk\u00e1zalo sa, \u017ee aj napriek ve\u013ek\u00e9mu po\u010dtu \u0161pecifick\u00fdch vstupov zatia\u013e nedok\u00e1\u017ee samostatne spracova\u0165 tak\u00fdto komplexn\u00fd n\u00e1vrh. \u013dudsk\u00fd poh\u013ead dizajn\u00e9rov, v\u00fdvoj\u00e1rov, testerov \u010di k\u013e\u00fa\u010dov\u00fdch pou\u017e\u00edvate\u013eov je po\u010das jednotliv\u00fdch f\u00e1z v\u00fdvoja st\u00e1le nenahradite\u013en\u00fd.<\/em><\/p><p><strong>Ak by si mal tipn\u00fa\u0165, ak\u00e9 technol\u00f3gie alebo trendy bud\u00fa v \u010fal\u0161om roku najviac h\u00fdba\u0165 projektami, \u010do by si dal na prv\u00e9 miesto?<\/strong><\/p><p><em>Ak by som mal tipn\u00fa\u0165, ktor\u00e9 technol\u00f3gie a trendy bud\u00fa v \u010fal\u0161om roku najviac h\u00fdba\u0165 projektami, na prv\u00e9 miesto by som dal asi no-code platformy s integr\u00e1ciou AI generat\u00edvnych n\u00e1strojov. Tieto platformy umo\u017enia na z\u00e1klade relat\u00edvne jednoduch\u00fdch promptov generova\u0165 profesion\u00e1lne v\u00fdstupy \u2013 \u010di u\u017e z poh\u013eadu backendu, alebo frontendu vyv\u00edjan\u00fdch aplik\u00e1ci\u00ed \u010do bude znamena\u0165 r\u00fdchlej\u0161ie prototypovanie, automatiz\u00e1ciu, v\u00fdvoj aj samotn\u00e9 testovanie. Otv\u00e1ra to priestor na sk\u00fa\u0161anie nov\u00fdch n\u00e1padov a experimentovanie s n\u00e1vrhmi, ktor\u00e9 by tradi\u010dn\u00fdm sp\u00f4sobom trvali omnoho dlh\u0161ie. Mysl\u00edm si, \u017ee pr\u00e1ve kombin\u00e1cia <a href=\"https:\/\/www.art4web.co\/sk\/clanky\/tvorba-webu\/co-je-no-code\" target=\"_blank\" rel=\"noopener\">no-code<\/a> a AI bude v najbli\u017e\u0161om obdob\u00ed k\u013e\u00fa\u010dov\u00e1.<\/em><\/p><p><img decoding=\"async\" class=\"alignnone size-full wp-image-16683\" src=\"https:\/\/www.fores.group\/wp-content\/uploads\/2025\/12\/03-1-scaled.jpg\" alt=\"\" width=\"2560\" height=\"1920\" srcset=\"https:\/\/www.fores.group\/wp-content\/uploads\/2025\/12\/03-1-scaled.jpg 2560w, https:\/\/www.fores.group\/wp-content\/uploads\/2025\/12\/03-1-300x225.jpg 300w, https:\/\/www.fores.group\/wp-content\/uploads\/2025\/12\/03-1-1024x768.jpg 1024w, https:\/\/www.fores.group\/wp-content\/uploads\/2025\/12\/03-1-768x576.jpg 768w, https:\/\/www.fores.group\/wp-content\/uploads\/2025\/12\/03-1-1536x1152.jpg 1536w, https:\/\/www.fores.group\/wp-content\/uploads\/2025\/12\/03-1-2048x1536.jpg 2048w\" sizes=\"(max-width: 2560px) 100vw, 2560px\" \/><\/p><h1><span style=\"text-decoration: underline;\">Viktor (IT Specialist | Auditor)<\/span><\/h1><p><strong>Ke\u010f sa obzrie\u0161 sp\u00e4\u0165, bol tento rok sk\u00f4r o \u201eincident resolved\u201c alebo \u201eincident escalated\u201c?<\/strong><\/p><p><em>Z poh\u013eadu supportu i\u0161lo \u010dastej\u0161ie o situ\u00e1cie typu incident escalated, ke\u010f\u017ee tickety, ktor\u00e9 som preberal, smerovali sk\u00f4r na developerov. Moja agenda sa tak s\u00fastre\u010fovala najm\u00e4 na intern\u00e9 z\u00e1le\u017eitosti a pr\u00e1cu v Jire. Z celkov\u00e9ho poh\u013eadu supportu sa v\u0161ak podarilo vyrie\u0161i\u0165 ve\u013ek\u00e9 mno\u017estvo ticketov k spokojnosti z\u00e1kazn\u00edkov.<\/em><\/p><p><strong>Ktor\u00fd technick\u00fd z\u00e1drhel ti najviac zv\u00fd\u0161il tep a \u010do ti nakoniec priniesol ako ponau\u010denie?<\/strong><\/p><p><em>U m\u0148a i\u0161lo najm\u00e4 o o\u017eivovanie notebookov, migr\u00e1ciu servera \u010di opravu displeja, ktor\u00fd spo\u010diatku nechcel spolupracova\u0165. Celkovo v\u0161ak ne\u0161lo o situ\u00e1cie, ktor\u00e9 by v\u00fdrazne zvy\u0161ovali tep \u2013 sk\u00f4r v\u00fdzvou boli momenty, ke\u010f sa naraz objavilo viacero urgentn\u00fdch po\u017eiadaviek.<\/em><\/p><p><img loading=\"lazy\" decoding=\"async\" class=\"alignnone size-full wp-image-16679\" src=\"https:\/\/www.fores.group\/wp-content\/uploads\/2025\/12\/20250601140029_PD11126-2.jpg\" alt=\"\" width=\"2048\" height=\"1365\" srcset=\"https:\/\/www.fores.group\/wp-content\/uploads\/2025\/12\/20250601140029_PD11126-2.jpg 2048w, https:\/\/www.fores.group\/wp-content\/uploads\/2025\/12\/20250601140029_PD11126-2-300x200.jpg 300w, https:\/\/www.fores.group\/wp-content\/uploads\/2025\/12\/20250601140029_PD11126-2-1024x683.jpg 1024w, https:\/\/www.fores.group\/wp-content\/uploads\/2025\/12\/20250601140029_PD11126-2-768x512.jpg 768w, https:\/\/www.fores.group\/wp-content\/uploads\/2025\/12\/20250601140029_PD11126-2-1536x1024.jpg 1536w\" sizes=\"(max-width: 2048px) 100vw, 2048px\" \/><\/p><h1 data-start=\"65\" data-end=\"679\">2025 n\u00e1s zmenil, posilnil a pripravil na \u010fal\u0161ie kapitoly, ktor\u00e9 e\u0161te len p\u00ed\u0161eme&#8230;<\/h1><p data-start=\"65\" data-end=\"679\">Rok priniesol mno\u017estvo momentov, ktor\u00e9 n\u00e1s <strong>pos\u00favali dopredu, prekvapovali, u\u010dili aj niekedy poriadne preverili.<\/strong> Poh\u013eady na\u0161ich kolegov ukazuj\u00fa, \u017ee ka\u017ed\u00fd de\u0148 mal svoju hodnotu a \u017ee aj mal\u00e9 v\u00ed\u0165azstv\u00e1 dok\u00e1\u017eu vytvori\u0165 ve\u013ek\u00fd posun.<\/p><p data-start=\"65\" data-end=\"679\">Tento rok n\u00e1s nau\u010dil, \u017ee <strong>v\u00fdzvy s\u00fa pr\u00edle\u017eitos\u0165ou, omyly s\u00fa lekciou <\/strong><a href=\"https:\/\/en.wikipedia.org\/wiki\/Extract,_transform,_load\" target=\"_blank\" rel=\"noopener\">a<\/a><strong> spolupr\u00e1ca je silou<\/strong>, ktor\u00e1 dok\u00e1\u017ee zmeni\u0165 aj tie najn\u00e1ro\u010dnej\u0161ie situ\u00e1cie na sk\u00fasenosti, z ktor\u00fdch sa u\u010d\u00edme.<\/p><p data-start=\"65\" data-end=\"679\">Te\u0161\u00edme sa na to, \u010do prinesie bud\u00facnos\u0165, na nov\u00e9 projekty, momenty radosti a spolo\u010dn\u00e9 \u00faspechy, ktor\u00e9 spolu pre\u017eijeme.<\/p>\t\t\t\t\t\t\t\t<\/div>\n\t\t\t\t<\/div>\n\t\t\t\t\t<\/div>\n\t\t\t\t<\/div>\n\t\t\t\t<\/div>\n\t\t","protected":false},"excerpt":{"rendered":"<p>Op\u00fdtali sme sa na\u0161ich kolegov, aby n\u00e1m porozpr\u00e1vali, \u010do pre nich tento rok znamenal, \u010do ich nau\u010dil a \u010do priniesol.<\/p>\n","protected":false},"author":18,"featured_media":16667,"comment_status":"closed","ping_status":"open","sticky":false,"template":"","format":"standard","meta":{"_acf_changed":false,"footnotes":""},"categories":[248,240,239],"tags":[],"class_list":["post-16662","post","type-post","status-publish","format-standard","has-post-thumbnail","hentry","category-novinky-a-aktualizacie","category-zamestnanci","category-zo-zivota-firmy"],"acf":[],"_links":{"self":[{"href":"https:\/\/www.fores.group\/sk\/wp-json\/wp\/v2\/posts\/16662","targetHints":{"allow":["GET"]}}],"collection":[{"href":"https:\/\/www.fores.group\/sk\/wp-json\/wp\/v2\/posts"}],"about":[{"href":"https:\/\/www.fores.group\/sk\/wp-json\/wp\/v2\/types\/post"}],"author":[{"embeddable":true,"href":"https:\/\/www.fores.group\/sk\/wp-json\/wp\/v2\/users\/18"}],"replies":[{"embeddable":true,"href":"https:\/\/www.fores.group\/sk\/wp-json\/wp\/v2\/comments?post=16662"}],"version-history":[{"count":9,"href":"https:\/\/www.fores.group\/sk\/wp-json\/wp\/v2\/posts\/16662\/revisions"}],"predecessor-version":[{"id":16712,"href":"https:\/\/www.fores.group\/sk\/wp-json\/wp\/v2\/posts\/16662\/revisions\/16712"}],"wp:featuredmedia":[{"embeddable":true,"href":"https:\/\/www.fores.group\/sk\/wp-json\/wp\/v2\/media\/16667"}],"wp:attachment":[{"href":"https:\/\/www.fores.group\/sk\/wp-json\/wp\/v2\/media?parent=16662"}],"wp:term":[{"taxonomy":"category","embeddable":true,"href":"https:\/\/www.fores.group\/sk\/wp-json\/wp\/v2\/categories?post=16662"},{"taxonomy":"post_tag","embeddable":true,"href":"https:\/\/www.fores.group\/sk\/wp-json\/wp\/v2\/tags?post=16662"}],"curies":[{"name":"wp","href":"https:\/\/api.w.org\/{rel}","templated":true}]}}